{"id":1065,"date":"2015-06-18T06:27:02","date_gmt":"2015-06-18T06:27:02","guid":{"rendered":"http:\/\/www.figgen-fenster.de\/aktuelles\/?p=1065"},"modified":"2015-06-18T06:36:12","modified_gmt":"2015-06-18T06:36:12","slug":"25-jahriges-mitarbeiterjubilaum","status":"publish","type":"post","link":"https:\/\/www.figgen-fenster.de\/aktuelles\/?p=1065","title":{"rendered":"25-j\u00e4hriges Mitarbeiterjubil\u00e4um"},"content":{"rendered":"<p>Heute, am 18.06.2015 feiert die Firma Figgen-Fenster zusammen mit<br \/>\nHerrn Gerhard Pietrzak sein 25-j\u00e4hriges Mitarbeiterjubil\u00e4um.<\/p>\n<p>Wir danken f\u00fcr seine Treue, das langj\u00e4hrige Vertrauen, die gute Leistung und den engagierten Einsatz, den Herr Pietrzak \u00fcber die vielen Jahre zu einem<br \/>\nwichtigen Bestandteil unserer Mannschaft gemacht hat.<\/p>\n<p>Anl\u00e4sslich des Jubil\u00e4ums erh\u00e4lt Herr Pietrzak die Urkunde und die bronzene Medaille der Handwerkskammer D\u00fcsseldorf.<\/p>\n","protected":false},"excerpt":{"rendered":"<p>Heute, am 18.06.2015 feiert die Firma Figgen-Fenster zusammen mit Herrn Gerhard Pietrzak sein 25-j\u00e4hriges Mitarbeiterjubil\u00e4um. Wir danken f\u00fcr seine Treue, das langj\u00e4hrige Vertrauen, die gute Leistung und den engagierten Einsatz, den Herr Pietrzak \u00fcber die vielen Jahre zu einem wichtigen Bestandteil unserer Mannschaft gemacht hat. Anl\u00e4sslich des Jubil\u00e4ums erh\u00e4lt Herr Pietrzak die Urkunde und die [&hellip;]<\/p>\n","protected":false},"author":2,"featured_media":0,"comment_status":"closed","ping_status":"closed","sticky":false,"template":"","format":"standard","meta":[],"categories":[1],"tags":[],"_links":{"self":[{"href":"https:\/\/www.figgen-fenster.de\/aktuelles\/index.php?rest_route=\/wp\/v2\/posts\/1065"}],"collection":[{"href":"https:\/\/www.figgen-fenster.de\/aktuelles\/index.php?rest_route=\/wp\/v2\/posts"}],"about":[{"href":"https:\/\/www.figgen-fenster.de\/aktuelles\/index.php?rest_route=\/wp\/v2\/types\/post"}],"author":[{"embeddable":true,"href":"https:\/\/www.figgen-fenster.de\/aktuelles\/index.php?rest_route=\/wp\/v2\/users\/2"}],"replies":[{"embeddable":true,"href":"https:\/\/www.figgen-fenster.de\/aktuelles\/index.php?rest_route=%2Fwp%2Fv2%2Fcomments&post=1065"}],"version-history":[{"count":8,"href":"https:\/\/www.figgen-fenster.de\/aktuelles\/index.php?rest_route=\/wp\/v2\/posts\/1065\/revisions"}],"predecessor-version":[{"id":1072,"href":"https:\/\/www.figgen-fenster.de\/aktuelles\/index.php?rest_route=\/wp\/v2\/posts\/1065\/revisions\/1072"}],"wp:attachment":[{"href":"https:\/\/www.figgen-fenster.de\/aktuelles\/index.php?rest_route=%2Fwp%2Fv2%2Fmedia&parent=1065"}],"wp:term":[{"taxonomy":"category","embeddable":true,"href":"https:\/\/www.figgen-fenster.de\/aktuelles\/index.php?rest_route=%2Fwp%2Fv2%2Fcategories&post=1065"},{"taxonomy":"post_tag","embeddable":true,"href":"https:\/\/www.figgen-fenster.de\/aktuelles\/index.php?rest_route=%2Fwp%2Fv2%2Ftags&post=1065"}],"curies":[{"name":"wp","href":"https:\/\/api.w.org\/{rel}","templated":true}]}}