{"id":1084,"date":"2015-07-30T14:30:13","date_gmt":"2015-07-30T14:30:13","guid":{"rendered":"http:\/\/www.figgen-fenster.de\/aktuelles\/?p=1084"},"modified":"2015-07-30T18:38:15","modified_gmt":"2015-07-30T18:38:15","slug":"ausbildungskonsens-fuhrt-zu-figgen-fenster","status":"publish","type":"post","link":"https:\/\/www.figgen-fenster.de\/aktuelles\/?p=1084","title":{"rendered":"Ausbildungskonsens 2015 f\u00fchrt zu uns"},"content":{"rendered":"<p>Im nordrhein-westf\u00e4lischen Ausbildungskonsens haben sich Landesregierung, die Organisationen\u00a0der Wirtschaft, die Gewerkschaften, die Arbeitsverwaltung und Kommunen zusammengeschlossen. Gegr\u00fcndet wurde er 1996 und seitdem lautet das oberste Ziel die qualifizierte Ausbildung aller ausbildungsf\u00e4higen und -willigen Jugendlichen.<\/p>\n<p>Einen ausf\u00fchrlichen Artikel der WAZ zu dem\u00a0Besuch in unserer Firma Figgen-Fenster\u00a0 finden Sie unter folgendem Link:<\/p>\n<p><a href=\"http:\/\/www.figgen-fenster.de\/aktuelles\/wp-content\/uploads\/2015\/07\/2015-07-30-WAZ2.pdf\">2015-07-30 WAZ<\/a><\/p>\n<p>Auch die Arbeitsagentur hat ihre Eindr\u00fccke zusammengefasst:<\/p>\n<p><a href=\"http:\/\/www.figgen-fenster.de\/aktuelles\/wp-content\/uploads\/2015\/07\/Pressemitteilung-Arbeitsagentur_Ausbildungstour_geht_weiter-Besuch_bei_Figgen-Fenster_in_Essen.pdf\">Pressemitteilung Arbeitsagentur_Ausbildungstour_geht_weiter-Besuch_bei_Figgen-Fenster_in_Essen<\/a><\/p>\n<p>Da wir f\u00fcr 2015 unsere Ausbildungspl\u00e4tze schon besetzt haben, freuen wir uns auf Bewerbungen f\u00fcr das Ausbildungsjahr 2016.<\/p>\n","protected":false},"excerpt":{"rendered":"<p>Im nordrhein-westf\u00e4lischen Ausbildungskonsens haben sich Landesregierung, die Organisationen\u00a0der Wirtschaft, die Gewerkschaften, die Arbeitsverwaltung und Kommunen zusammengeschlossen. Gegr\u00fcndet wurde er 1996 und seitdem lautet das oberste Ziel die qualifizierte Ausbildung aller ausbildungsf\u00e4higen und -willigen Jugendlichen. Einen ausf\u00fchrlichen Artikel der WAZ zu dem\u00a0Besuch in unserer Firma Figgen-Fenster\u00a0 finden Sie unter folgendem Link: 2015-07-30 WAZ Auch die Arbeitsagentur [&hellip;]<\/p>\n","protected":false},"author":2,"featured_media":0,"comment_status":"closed","ping_status":"closed","sticky":false,"template":"","format":"standard","meta":[],"categories":[1],"tags":[],"_links":{"self":[{"href":"https:\/\/www.figgen-fenster.de\/aktuelles\/index.php?rest_route=\/wp\/v2\/posts\/1084"}],"collection":[{"href":"https:\/\/www.figgen-fenster.de\/aktuelles\/index.php?rest_route=\/wp\/v2\/posts"}],"about":[{"href":"https:\/\/www.figgen-fenster.de\/aktuelles\/index.php?rest_route=\/wp\/v2\/types\/post"}],"author":[{"embeddable":true,"href":"https:\/\/www.figgen-fenster.de\/aktuelles\/index.php?rest_route=\/wp\/v2\/users\/2"}],"replies":[{"embeddable":true,"href":"https:\/\/www.figgen-fenster.de\/aktuelles\/index.php?rest_route=%2Fwp%2Fv2%2Fcomments&post=1084"}],"version-history":[{"count":12,"href":"https:\/\/www.figgen-fenster.de\/aktuelles\/index.php?rest_route=\/wp\/v2\/posts\/1084\/revisions"}],"predecessor-version":[{"id":1090,"href":"https:\/\/www.figgen-fenster.de\/aktuelles\/index.php?rest_route=\/wp\/v2\/posts\/1084\/revisions\/1090"}],"wp:attachment":[{"href":"https:\/\/www.figgen-fenster.de\/aktuelles\/index.php?rest_route=%2Fwp%2Fv2%2Fmedia&parent=1084"}],"wp:term":[{"taxonomy":"category","embeddable":true,"href":"https:\/\/www.figgen-fenster.de\/aktuelles\/index.php?rest_route=%2Fwp%2Fv2%2Fcategories&post=1084"},{"taxonomy":"post_tag","embeddable":true,"href":"https:\/\/www.figgen-fenster.de\/aktuelles\/index.php?rest_route=%2Fwp%2Fv2%2Ftags&post=1084"}],"curies":[{"name":"wp","href":"https:\/\/api.w.org\/{rel}","templated":true}]}}