{"id":1107,"date":"2015-08-03T14:27:34","date_gmt":"2015-08-03T14:27:34","guid":{"rendered":"http:\/\/www.figgen-fenster.de\/aktuelles\/?p=1107"},"modified":"2015-10-07T11:20:02","modified_gmt":"2015-10-07T11:20:02","slug":"03-08-2015-heist-neues-ausbildungsjahr-und-auch-25-jahriges-mitarbeiterjubilaum","status":"publish","type":"post","link":"https:\/\/www.figgen-fenster.de\/aktuelles\/?p=1107","title":{"rendered":"03.08.2015 hei\u00dft neues Ausbildungsjahr und auch 25-j\u00e4hriges Mitarbeiterjubil\u00e4um"},"content":{"rendered":"<p>Heute starten\u00a03 junge Menschen bei Figgen-Fenster ihre Berufsausbildung als Tischler:<\/p>\n<p>wir hei\u00dfen Michael V\u00f6gele, Jean-Luca Maurer und Maurice Tavio y Huete Grees herzlich willkommen und freuen uns auf 3 spannende gemeinsame Jahre.<\/p>\n<p>Au\u00dferdem feiern wir heute mit Thu Binh La sein 25-j\u00e4hriges Firmenjubil\u00e4um.<\/p>\n<p>Er begann am 01.08.1990 seine Ausbildung zum Tischler in unserem Betrieb und ist seit dem ein fester Bestandteil unseres Teams.<\/p>\n<p>Wir danken Herrn La f\u00fcr seine Treue, die guten Leistungen und \u00fcberreichen ihm die Urkunde und die bronzene Medaille der Handwerkskammer D\u00fcsseldorf.<\/p>\n","protected":false},"excerpt":{"rendered":"<p>Heute starten\u00a03 junge Menschen bei Figgen-Fenster ihre Berufsausbildung als Tischler: wir hei\u00dfen Michael V\u00f6gele, Jean-Luca Maurer und Maurice Tavio y Huete Grees herzlich willkommen und freuen uns auf 3 spannende gemeinsame Jahre. Au\u00dferdem feiern wir heute mit Thu Binh La sein 25-j\u00e4hriges Firmenjubil\u00e4um. Er begann am 01.08.1990 seine Ausbildung zum Tischler in unserem Betrieb und [&hellip;]<\/p>\n","protected":false},"author":2,"featured_media":0,"comment_status":"closed","ping_status":"closed","sticky":false,"template":"","format":"standard","meta":[],"categories":[1],"tags":[],"_links":{"self":[{"href":"https:\/\/www.figgen-fenster.de\/aktuelles\/index.php?rest_route=\/wp\/v2\/posts\/1107"}],"collection":[{"href":"https:\/\/www.figgen-fenster.de\/aktuelles\/index.php?rest_route=\/wp\/v2\/posts"}],"about":[{"href":"https:\/\/www.figgen-fenster.de\/aktuelles\/index.php?rest_route=\/wp\/v2\/types\/post"}],"author":[{"embeddable":true,"href":"https:\/\/www.figgen-fenster.de\/aktuelles\/index.php?rest_route=\/wp\/v2\/users\/2"}],"replies":[{"embeddable":true,"href":"https:\/\/www.figgen-fenster.de\/aktuelles\/index.php?rest_route=%2Fwp%2Fv2%2Fcomments&post=1107"}],"version-history":[{"count":5,"href":"https:\/\/www.figgen-fenster.de\/aktuelles\/index.php?rest_route=\/wp\/v2\/posts\/1107\/revisions"}],"predecessor-version":[{"id":1110,"href":"https:\/\/www.figgen-fenster.de\/aktuelles\/index.php?rest_route=\/wp\/v2\/posts\/1107\/revisions\/1110"}],"wp:attachment":[{"href":"https:\/\/www.figgen-fenster.de\/aktuelles\/index.php?rest_route=%2Fwp%2Fv2%2Fmedia&parent=1107"}],"wp:term":[{"taxonomy":"category","embeddable":true,"href":"https:\/\/www.figgen-fenster.de\/aktuelles\/index.php?rest_route=%2Fwp%2Fv2%2Fcategories&post=1107"},{"taxonomy":"post_tag","embeddable":true,"href":"https:\/\/www.figgen-fenster.de\/aktuelles\/index.php?rest_route=%2Fwp%2Fv2%2Ftags&post=1107"}],"curies":[{"name":"wp","href":"https:\/\/api.w.org\/{rel}","templated":true}]}}