{"id":1227,"date":"2016-08-02T15:32:40","date_gmt":"2016-08-02T15:32:40","guid":{"rendered":"http:\/\/www.figgen-fenster.de\/aktuelles\/?p=1227"},"modified":"2016-08-02T15:33:39","modified_gmt":"2016-08-02T15:33:39","slug":"neues-ausbildungsjahr","status":"publish","type":"post","link":"https:\/\/www.figgen-fenster.de\/aktuelles\/?p=1227","title":{"rendered":"neues Ausbildungsjahr 2016"},"content":{"rendered":"<p>Wir freuen uns, unseren neuen Tischler-Azubi Simon Lapczyna im Team begr\u00fc\u00dfen zu d\u00fcrfen und w\u00fcnschen ihm drei spannende und erfolgreiche   Ausbildungsjahre.<\/p>\n","protected":false},"excerpt":{"rendered":"<p>Wir freuen uns, unseren neuen Tischler-Azubi Simon Lapczyna im Team begr\u00fc\u00dfen zu d\u00fcrfen und w\u00fcnschen ihm drei spannende und erfolgreiche Ausbildungsjahre.<\/p>\n","protected":false},"author":2,"featured_media":0,"comment_status":"closed","ping_status":"closed","sticky":false,"template":"","format":"standard","meta":[],"categories":[1],"tags":[],"_links":{"self":[{"href":"https:\/\/www.figgen-fenster.de\/aktuelles\/index.php?rest_route=\/wp\/v2\/posts\/1227"}],"collection":[{"href":"https:\/\/www.figgen-fenster.de\/aktuelles\/index.php?rest_route=\/wp\/v2\/posts"}],"about":[{"href":"https:\/\/www.figgen-fenster.de\/aktuelles\/index.php?rest_route=\/wp\/v2\/types\/post"}],"author":[{"embeddable":true,"href":"https:\/\/www.figgen-fenster.de\/aktuelles\/index.php?rest_route=\/wp\/v2\/users\/2"}],"replies":[{"embeddable":true,"href":"https:\/\/www.figgen-fenster.de\/aktuelles\/index.php?rest_route=%2Fwp%2Fv2%2Fcomments&post=1227"}],"version-history":[{"count":5,"href":"https:\/\/www.figgen-fenster.de\/aktuelles\/index.php?rest_route=\/wp\/v2\/posts\/1227\/revisions"}],"predecessor-version":[{"id":1232,"href":"https:\/\/www.figgen-fenster.de\/aktuelles\/index.php?rest_route=\/wp\/v2\/posts\/1227\/revisions\/1232"}],"wp:attachment":[{"href":"https:\/\/www.figgen-fenster.de\/aktuelles\/index.php?rest_route=%2Fwp%2Fv2%2Fmedia&parent=1227"}],"wp:term":[{"taxonomy":"category","embeddable":true,"href":"https:\/\/www.figgen-fenster.de\/aktuelles\/index.php?rest_route=%2Fwp%2Fv2%2Fcategories&post=1227"},{"taxonomy":"post_tag","embeddable":true,"href":"https:\/\/www.figgen-fenster.de\/aktuelles\/index.php?rest_route=%2Fwp%2Fv2%2Ftags&post=1227"}],"curies":[{"name":"wp","href":"https:\/\/api.w.org\/{rel}","templated":true}]}}