{"id":1246,"date":"2016-09-01T18:51:14","date_gmt":"2016-09-01T18:51:14","guid":{"rendered":"http:\/\/www.figgen-fenster.de\/aktuelles\/?p=1246"},"modified":"2016-09-02T08:30:07","modified_gmt":"2016-09-02T08:30:07","slug":"40-jahriges-arbeitsjubilaum-bei-figgen-fenster","status":"publish","type":"post","link":"https:\/\/www.figgen-fenster.de\/aktuelles\/?p=1246","title":{"rendered":"40-j\u00e4hriges Arbeitsjubil\u00e4um bei Figgen-Fenster"},"content":{"rendered":"<p>Am 01.09.1976 begann Uwe Rentzsch seine Ausbildung zum Tischler in unserem Betrieb, die er nach drei Jahren erfolgreich abschloss.<br \/>\nHeute nun d\u00fcrfen wir Ihm herzlich zum 40-j\u00e4hrigem Arbeitsjubil\u00e4um gratulieren.<br \/>\nOb Fenster oder T\u00fcren als Regelelemente oder Sonderl\u00f6sungen im Holz-, Kunststoff- oder Aluminiumbereich oder auch Einbauschr\u00e4nke oder Treppenbau: mit seiner 40-j\u00e4hrigen Berufserfahrung ist keine Herausforderung zu gro\u00df. Dar\u00fcber hinaus haben Generationen von Tischler-Azubis durch ihn die Grundkenntnisse des Holzfensterbaus erlernt.<br \/>\nUwe Rentzsch erh\u00e4lt die Urkunde sowie die silberne Medaille der Handwerkskammer D\u00fcsseldorf.<br \/>\nWir danken Ihm f\u00fcr seine Treue und engagierte Arbeit \u00fcber diesen langen Zeitraum und freuen uns auf weitere gemeinsame Jahre.<\/p>\n","protected":false},"excerpt":{"rendered":"<p>Am 01.09.1976 begann Uwe Rentzsch seine Ausbildung zum Tischler in unserem Betrieb, die er nach drei Jahren erfolgreich abschloss. Heute nun d\u00fcrfen wir Ihm herzlich zum 40-j\u00e4hrigem Arbeitsjubil\u00e4um gratulieren. Ob Fenster oder T\u00fcren als Regelelemente oder Sonderl\u00f6sungen im Holz-, Kunststoff- oder Aluminiumbereich oder auch Einbauschr\u00e4nke oder Treppenbau: mit seiner 40-j\u00e4hrigen Berufserfahrung ist keine Herausforderung zu [&hellip;]<\/p>\n","protected":false},"author":2,"featured_media":0,"comment_status":"closed","ping_status":"closed","sticky":false,"template":"","format":"standard","meta":[],"categories":[1],"tags":[],"_links":{"self":[{"href":"https:\/\/www.figgen-fenster.de\/aktuelles\/index.php?rest_route=\/wp\/v2\/posts\/1246"}],"collection":[{"href":"https:\/\/www.figgen-fenster.de\/aktuelles\/index.php?rest_route=\/wp\/v2\/posts"}],"about":[{"href":"https:\/\/www.figgen-fenster.de\/aktuelles\/index.php?rest_route=\/wp\/v2\/types\/post"}],"author":[{"embeddable":true,"href":"https:\/\/www.figgen-fenster.de\/aktuelles\/index.php?rest_route=\/wp\/v2\/users\/2"}],"replies":[{"embeddable":true,"href":"https:\/\/www.figgen-fenster.de\/aktuelles\/index.php?rest_route=%2Fwp%2Fv2%2Fcomments&post=1246"}],"version-history":[{"count":5,"href":"https:\/\/www.figgen-fenster.de\/aktuelles\/index.php?rest_route=\/wp\/v2\/posts\/1246\/revisions"}],"predecessor-version":[{"id":1251,"href":"https:\/\/www.figgen-fenster.de\/aktuelles\/index.php?rest_route=\/wp\/v2\/posts\/1246\/revisions\/1251"}],"wp:attachment":[{"href":"https:\/\/www.figgen-fenster.de\/aktuelles\/index.php?rest_route=%2Fwp%2Fv2%2Fmedia&parent=1246"}],"wp:term":[{"taxonomy":"category","embeddable":true,"href":"https:\/\/www.figgen-fenster.de\/aktuelles\/index.php?rest_route=%2Fwp%2Fv2%2Fcategories&post=1246"},{"taxonomy":"post_tag","embeddable":true,"href":"https:\/\/www.figgen-fenster.de\/aktuelles\/index.php?rest_route=%2Fwp%2Fv2%2Ftags&post=1246"}],"curies":[{"name":"wp","href":"https:\/\/api.w.org\/{rel}","templated":true}]}}