{"id":1342,"date":"2017-07-06T13:38:30","date_gmt":"2017-07-06T13:38:30","guid":{"rendered":"http:\/\/www.figgen-fenster.de\/aktuelles\/?p=1342"},"modified":"2017-07-06T13:38:30","modified_gmt":"2017-07-06T13:38:30","slug":"neue-mitarbeiter-bei-figgen-fenster","status":"publish","type":"post","link":"https:\/\/www.figgen-fenster.de\/aktuelles\/?p=1342","title":{"rendered":"Neue Mitarbeiter bei Figgen-Fenster"},"content":{"rendered":"<p>Seit dem 01.07.2017 verst\u00e4rken zwei neue Mitarbeiter unser Team:<\/p>\n<p>Wir begr\u00fc\u00dfen herzlich\u00a0Herrn Mousa El-Zein und Herrn Nemanja Radojevic.<\/p>\n<p>Herr El-Zein verst\u00e4rkt als gelernter Metallbauer\u00a0insbesondere unsere Aluminium-Fertigung und Herr Dipl.-Ing. Radojevic verst\u00e4rkt unser B\u00fcro in der Arbeitsvorbereitung und Angebotserstellung.<\/p>\n<p>Wir freuen uns auf gute Zusammenarbeit.<\/p>\n","protected":false},"excerpt":{"rendered":"<p>Seit dem 01.07.2017 verst\u00e4rken zwei neue Mitarbeiter unser Team: Wir begr\u00fc\u00dfen herzlich\u00a0Herrn Mousa El-Zein und Herrn Nemanja Radojevic. Herr El-Zein verst\u00e4rkt als gelernter Metallbauer\u00a0insbesondere unsere Aluminium-Fertigung und Herr Dipl.-Ing. Radojevic verst\u00e4rkt unser B\u00fcro in der Arbeitsvorbereitung und Angebotserstellung. Wir freuen uns auf gute Zusammenarbeit.<\/p>\n","protected":false},"author":2,"featured_media":0,"comment_status":"closed","ping_status":"closed","sticky":false,"template":"","format":"standard","meta":[],"categories":[1],"tags":[],"_links":{"self":[{"href":"https:\/\/www.figgen-fenster.de\/aktuelles\/index.php?rest_route=\/wp\/v2\/posts\/1342"}],"collection":[{"href":"https:\/\/www.figgen-fenster.de\/aktuelles\/index.php?rest_route=\/wp\/v2\/posts"}],"about":[{"href":"https:\/\/www.figgen-fenster.de\/aktuelles\/index.php?rest_route=\/wp\/v2\/types\/post"}],"author":[{"embeddable":true,"href":"https:\/\/www.figgen-fenster.de\/aktuelles\/index.php?rest_route=\/wp\/v2\/users\/2"}],"replies":[{"embeddable":true,"href":"https:\/\/www.figgen-fenster.de\/aktuelles\/index.php?rest_route=%2Fwp%2Fv2%2Fcomments&post=1342"}],"version-history":[{"count":3,"href":"https:\/\/www.figgen-fenster.de\/aktuelles\/index.php?rest_route=\/wp\/v2\/posts\/1342\/revisions"}],"predecessor-version":[{"id":1345,"href":"https:\/\/www.figgen-fenster.de\/aktuelles\/index.php?rest_route=\/wp\/v2\/posts\/1342\/revisions\/1345"}],"wp:attachment":[{"href":"https:\/\/www.figgen-fenster.de\/aktuelles\/index.php?rest_route=%2Fwp%2Fv2%2Fmedia&parent=1342"}],"wp:term":[{"taxonomy":"category","embeddable":true,"href":"https:\/\/www.figgen-fenster.de\/aktuelles\/index.php?rest_route=%2Fwp%2Fv2%2Fcategories&post=1342"},{"taxonomy":"post_tag","embeddable":true,"href":"https:\/\/www.figgen-fenster.de\/aktuelles\/index.php?rest_route=%2Fwp%2Fv2%2Ftags&post=1342"}],"curies":[{"name":"wp","href":"https:\/\/api.w.org\/{rel}","templated":true}]}}