{"id":1347,"date":"2017-08-03T09:15:03","date_gmt":"2017-08-03T09:15:03","guid":{"rendered":"http:\/\/www.figgen-fenster.de\/aktuelles\/?p=1347"},"modified":"2017-08-03T09:15:03","modified_gmt":"2017-08-03T09:15:03","slug":"jubilare-und-neue-azubis-bei-figgen-fenster","status":"publish","type":"post","link":"https:\/\/www.figgen-fenster.de\/aktuelles\/?p=1347","title":{"rendered":"Jubilare und neue Azubis bei Figgen-Fenster"},"content":{"rendered":"<p>Am 1.08.2017 feiert die Firma Figgen-Fenster das 40-j\u00e4hige Mitarbeiter-Jubil\u00e4um von Frau Klaudia Sch\u00e4fer, geb. Grave.<br \/>\nIhr Berufsleben begann Klaudia Sch\u00e4fer am 01.08.1977 mit dem Beginn ihrer Ausbildung zur B\u00fcrokauffrau unter der Leitung des Firmeninhabers Willi Figgen.<br \/>\nDiese Ausbildung schloss Sie dann am 01.08.1980 ab.<br \/>\nSeit dieser Zeit arbeitet Frau Sch\u00e4fer in der kaufm\u00e4nnischen Auftragsabwicklung und organisiert unser komplettes B\u00fcroleben.<br \/>\nDass Klaudia Grave nun ihr 40-j\u00e4hriges Jubil\u00e4um bei der Firma Figgen-Fenster feiert, zeigt Treue und Best\u00e4ndigkeit.<br \/>\nSie erh\u00e4lt heute die Urkunde und die silberne Medaille der Handwerkskammer D\u00fcsseldorf.<br \/>\nDie gesamte Mannschaft von Figgen-Fenster sagt HERZLICHEN GL\u00dcCKWUNSCH zu diesem nicht selbstverst\u00e4ndlichen Jubil\u00e4um und auch HERZLICHEN DANK f\u00fcr die gute Mitarbeit und langj\u00e4hrige Unterst\u00fctzung, die noch viele Jahre bestehen soll.<\/p>\n<p>Au\u00dferdem feiern wir am 17.08.2017 mit Herrn Idriz Ademi sein 25-j\u00e4hriges Firmenjubil\u00e4um.<br \/>\nEr begann am 17.08.1992 seine Ausbildung zum Tischler in unserem Betrieb und ist seit dem in den Bereichen Holz-Oberfl\u00e4che, Kundendienst und Montage sowie Holz- und Kunststoff-Fenster-Fertigung ein fester Bestandteil unseres Teams.<br \/>\nWir danken Herrn Ademi f\u00fcr seine Treue, die guten Leistungen und \u00fcberreichen ihm die Urkunde und die bronzene Medaille der Handwerkskammer D\u00fcsseldorf.<\/p>\n<p>Als familiengef\u00fchrtes Unternehmen ist die Firma stolz darauf, ihre Nachwuchs-Mitarbeiter sowohl handwerklich als auch kaufm\u00e4nnisch auszubilden. <\/p>\n<p>Deshalb hei\u00dfen wir auch in diesem neuen Ausbildungsjahr die 2 neuen Tischler-Azubis Florian von Behr und Cedric Munera Wilms in unserem Team willkommen und freuen uns auf 3 erfolgreiche Jahre.<\/p>\n","protected":false},"excerpt":{"rendered":"<p>Am 1.08.2017 feiert die Firma Figgen-Fenster das 40-j\u00e4hige Mitarbeiter-Jubil\u00e4um von Frau Klaudia Sch\u00e4fer, geb. Grave. Ihr Berufsleben begann Klaudia Sch\u00e4fer am 01.08.1977 mit dem Beginn ihrer Ausbildung zur B\u00fcrokauffrau unter der Leitung des Firmeninhabers Willi Figgen. Diese Ausbildung schloss Sie dann am 01.08.1980 ab. Seit dieser Zeit arbeitet Frau Sch\u00e4fer in der kaufm\u00e4nnischen Auftragsabwicklung und [&hellip;]<\/p>\n","protected":false},"author":2,"featured_media":0,"comment_status":"closed","ping_status":"closed","sticky":false,"template":"","format":"standard","meta":[],"categories":[1],"tags":[],"_links":{"self":[{"href":"https:\/\/www.figgen-fenster.de\/aktuelles\/index.php?rest_route=\/wp\/v2\/posts\/1347"}],"collection":[{"href":"https:\/\/www.figgen-fenster.de\/aktuelles\/index.php?rest_route=\/wp\/v2\/posts"}],"about":[{"href":"https:\/\/www.figgen-fenster.de\/aktuelles\/index.php?rest_route=\/wp\/v2\/types\/post"}],"author":[{"embeddable":true,"href":"https:\/\/www.figgen-fenster.de\/aktuelles\/index.php?rest_route=\/wp\/v2\/users\/2"}],"replies":[{"embeddable":true,"href":"https:\/\/www.figgen-fenster.de\/aktuelles\/index.php?rest_route=%2Fwp%2Fv2%2Fcomments&post=1347"}],"version-history":[{"count":2,"href":"https:\/\/www.figgen-fenster.de\/aktuelles\/index.php?rest_route=\/wp\/v2\/posts\/1347\/revisions"}],"predecessor-version":[{"id":1349,"href":"https:\/\/www.figgen-fenster.de\/aktuelles\/index.php?rest_route=\/wp\/v2\/posts\/1347\/revisions\/1349"}],"wp:attachment":[{"href":"https:\/\/www.figgen-fenster.de\/aktuelles\/index.php?rest_route=%2Fwp%2Fv2%2Fmedia&parent=1347"}],"wp:term":[{"taxonomy":"category","embeddable":true,"href":"https:\/\/www.figgen-fenster.de\/aktuelles\/index.php?rest_route=%2Fwp%2Fv2%2Fcategories&post=1347"},{"taxonomy":"post_tag","embeddable":true,"href":"https:\/\/www.figgen-fenster.de\/aktuelles\/index.php?rest_route=%2Fwp%2Fv2%2Ftags&post=1347"}],"curies":[{"name":"wp","href":"https:\/\/api.w.org\/{rel}","templated":true}]}}