{"id":1350,"date":"2017-12-31T14:13:12","date_gmt":"2017-12-31T14:13:12","guid":{"rendered":"http:\/\/www.figgen-fenster.de\/aktuelles\/?p=1350"},"modified":"2018-01-10T07:46:33","modified_gmt":"2018-01-10T07:46:33","slug":"gesamtrechtsnachfolge-zum-1-1-2018-durch-die-3-generation","status":"publish","type":"post","link":"https:\/\/www.figgen-fenster.de\/aktuelles\/?p=1350","title":{"rendered":"Gesamtrechtsnachfolge zum 1.1.2018 durch die 3. Generation"},"content":{"rendered":"<p>Sehr geehrter Damen und Herren,<\/p>\n<p>zum 01.01.2018 \u00fcbergibt Herr Willi Figgen, der das Unternehmen in der 2. Generation<br \/>\nseit 1976 f\u00fchrt, nunmehr auch rechtlich im Rahmen der Gesamtrechtsnachfolge, an seine bereits seit geraumer Zeit im Betrieb mitarbeitenden Kinder Brigitta und Thomas Figgen.<br \/>\nUnter deren Leitung firmiert das Unternehmen zuk\u00fcnftig mit der Bezeichnung<br \/>\n\u201eFiggen Fenster GmbH &amp; Co. KG\u201c.<\/p>\n<p>Die Figgen Verwaltungs GmbH, welche die pers\u00f6nlich haftende Gesellschafterin in der Figgen Fenster GmbH &amp; Co. KG darstellt, ist durch die beiden Gesellschafter Brigitta und Thomas Figgen gegr\u00fcndet und bereits im Handelsregister des Amtsgerichtes Essen unter HR B 28598 eingetragen.<br \/>\nZum 01.01.2018 bringt Herr Figgen sen. sein bisheriges Einzelunternehmen in die neu gegr\u00fcndete Figgen Fenster GmbH &amp; Co. KG ein und wird als Kommanditist dieser Gesellschaft angeh\u00f6ren.<br \/>\nMit der Eintragung der Figgen Fenster GmbH &amp; Co. KG im Handelsregister wird der Generationenwechsel abschlie\u00dfend wirksam.<\/p>\n<p>Herr Figgen sen. sowie Brigitta und Thomas Figgen stehen Ihnen selbstverst\u00e4ndlich weiterhin als verl\u00e4ssliche Ansprechpartner pers\u00f6nlich zur Verf\u00fcgung.<\/p>\n<p>Wir freuen uns auf die kontinuierliche Fortf\u00fchrung der langj\u00e4hrigen Zusammenarbeit in der nunmehr 3. Generation.<\/p>\n<p>Nicht zuletzt bedanken wir uns f\u00fcr die angenehme Zusammenarbeit und das uns<br \/>\nentgegengebrachte Vertrauen in 2017.<br \/>\nWir w\u00fcnschen Ihnen gesegnete Weihnachten sowie Gesundheit, Erfolg und<br \/>\nZufriedenheit f\u00fcr das neue Jahr.<\/p>\n<p>Freundliche Gr\u00fc\u00dfe<\/p>\n","protected":false},"excerpt":{"rendered":"<p>Sehr geehrter Damen und Herren, zum 01.01.2018 \u00fcbergibt Herr Willi Figgen, der das Unternehmen in der 2. Generation seit 1976 f\u00fchrt, nunmehr auch rechtlich im Rahmen der Gesamtrechtsnachfolge, an seine bereits seit geraumer Zeit im Betrieb mitarbeitenden Kinder Brigitta und Thomas Figgen. Unter deren Leitung firmiert das Unternehmen zuk\u00fcnftig mit der Bezeichnung \u201eFiggen Fenster GmbH [&hellip;]<\/p>\n","protected":false},"author":2,"featured_media":0,"comment_status":"closed","ping_status":"closed","sticky":false,"template":"","format":"standard","meta":[],"categories":[1],"tags":[],"_links":{"self":[{"href":"https:\/\/www.figgen-fenster.de\/aktuelles\/index.php?rest_route=\/wp\/v2\/posts\/1350"}],"collection":[{"href":"https:\/\/www.figgen-fenster.de\/aktuelles\/index.php?rest_route=\/wp\/v2\/posts"}],"about":[{"href":"https:\/\/www.figgen-fenster.de\/aktuelles\/index.php?rest_route=\/wp\/v2\/types\/post"}],"author":[{"embeddable":true,"href":"https:\/\/www.figgen-fenster.de\/aktuelles\/index.php?rest_route=\/wp\/v2\/users\/2"}],"replies":[{"embeddable":true,"href":"https:\/\/www.figgen-fenster.de\/aktuelles\/index.php?rest_route=%2Fwp%2Fv2%2Fcomments&post=1350"}],"version-history":[{"count":5,"href":"https:\/\/www.figgen-fenster.de\/aktuelles\/index.php?rest_route=\/wp\/v2\/posts\/1350\/revisions"}],"predecessor-version":[{"id":1354,"href":"https:\/\/www.figgen-fenster.de\/aktuelles\/index.php?rest_route=\/wp\/v2\/posts\/1350\/revisions\/1354"}],"wp:attachment":[{"href":"https:\/\/www.figgen-fenster.de\/aktuelles\/index.php?rest_route=%2Fwp%2Fv2%2Fmedia&parent=1350"}],"wp:term":[{"taxonomy":"category","embeddable":true,"href":"https:\/\/www.figgen-fenster.de\/aktuelles\/index.php?rest_route=%2Fwp%2Fv2%2Fcategories&post=1350"},{"taxonomy":"post_tag","embeddable":true,"href":"https:\/\/www.figgen-fenster.de\/aktuelles\/index.php?rest_route=%2Fwp%2Fv2%2Ftags&post=1350"}],"curies":[{"name":"wp","href":"https:\/\/api.w.org\/{rel}","templated":true}]}}