{"id":1663,"date":"2022-06-15T14:42:26","date_gmt":"2022-06-15T14:42:26","guid":{"rendered":"https:\/\/www.figgen-fenster.de\/aktuelles\/?p=1663"},"modified":"2022-06-15T14:42:26","modified_gmt":"2022-06-15T14:42:26","slug":"brueckentag-am-17-06-2022","status":"publish","type":"post","link":"https:\/\/www.figgen-fenster.de\/aktuelles\/?p=1663","title":{"rendered":"Br\u00fcckentag am 17.06.2022"},"content":{"rendered":"\r\n<p>aufgrund des morgigen Feiertages bleibt unser Betrieb am Freitag, 17.06.2022 geschlossen.<br \/>Wir w\u00fcnschen einen sch\u00f6nen Feiertag und ein sch\u00f6nes Wochenende.<br \/><br \/>Ihr Figgen Fenster Team<\/p>\r\n","protected":false},"excerpt":{"rendered":"<p>aufgrund des morgigen Feiertages bleibt unser Betrieb am Freitag, 17.06.2022 geschlossen.Wir w\u00fcnschen einen sch\u00f6nen Feiertag und ein sch\u00f6nes Wochenende. Ihr Figgen Fenster Team<\/p>\n","protected":false},"author":2,"featured_media":0,"comment_status":"closed","ping_status":"closed","sticky":false,"template":"","format":"standard","meta":[],"categories":[1],"tags":[],"_links":{"self":[{"href":"https:\/\/www.figgen-fenster.de\/aktuelles\/index.php?rest_route=\/wp\/v2\/posts\/1663"}],"collection":[{"href":"https:\/\/www.figgen-fenster.de\/aktuelles\/index.php?rest_route=\/wp\/v2\/posts"}],"about":[{"href":"https:\/\/www.figgen-fenster.de\/aktuelles\/index.php?rest_route=\/wp\/v2\/types\/post"}],"author":[{"embeddable":true,"href":"https:\/\/www.figgen-fenster.de\/aktuelles\/index.php?rest_route=\/wp\/v2\/users\/2"}],"replies":[{"embeddable":true,"href":"https:\/\/www.figgen-fenster.de\/aktuelles\/index.php?rest_route=%2Fwp%2Fv2%2Fcomments&post=1663"}],"version-history":[{"count":2,"href":"https:\/\/www.figgen-fenster.de\/aktuelles\/index.php?rest_route=\/wp\/v2\/posts\/1663\/revisions"}],"predecessor-version":[{"id":1666,"href":"https:\/\/www.figgen-fenster.de\/aktuelles\/index.php?rest_route=\/wp\/v2\/posts\/1663\/revisions\/1666"}],"wp:attachment":[{"href":"https:\/\/www.figgen-fenster.de\/aktuelles\/index.php?rest_route=%2Fwp%2Fv2%2Fmedia&parent=1663"}],"wp:term":[{"taxonomy":"category","embeddable":true,"href":"https:\/\/www.figgen-fenster.de\/aktuelles\/index.php?rest_route=%2Fwp%2Fv2%2Fcategories&post=1663"},{"taxonomy":"post_tag","embeddable":true,"href":"https:\/\/www.figgen-fenster.de\/aktuelles\/index.php?rest_route=%2Fwp%2Fv2%2Ftags&post=1663"}],"curies":[{"name":"wp","href":"https:\/\/api.w.org\/{rel}","templated":true}]}}