{"id":450,"date":"2012-08-01T08:49:11","date_gmt":"2012-08-01T08:49:11","guid":{"rendered":"http:\/\/www.figgen-fenster.de\/aktuelles\/?p=450"},"modified":"2012-10-10T13:02:27","modified_gmt":"2012-10-10T13:02:27","slug":"1-august-heist-start-in-ein-neues-ausbildungsjahr","status":"publish","type":"post","link":"https:\/\/www.figgen-fenster.de\/aktuelles\/?p=450","title":{"rendered":"1. August hei\u00dft: Start in ein neues Ausbildungsjahr"},"content":{"rendered":"<p>Wir sorgen seit nunmehr \u00fcber 6-Jahrzehnten\u00a0f\u00fcr unseren eigenen Fachkr\u00e4fte-Nachwuchs.<br \/>\nAuch in diesem Jahr hei\u00dfen wir 2 neue Tischler-Azubis willkommen.<\/p>\n<p>Wir freuen uns auf eine gute und erfolgreiche\u00a0Zusammenarbeit mit unseren neuen Auszubildenden\u00a0Jens Jakob und Martin Gundermann.<\/p>\n<p>Zu Ihrem\u00a035-j\u00e4hrigen Firmenjubil\u00e4um gratulieren wir\u00a0unserer Mitarbeiterin Frau\u00a0Grave sehr herzlich.<\/p>\n","protected":false},"excerpt":{"rendered":"<p>Wir sorgen seit nunmehr \u00fcber 6-Jahrzehnten\u00a0f\u00fcr unseren eigenen Fachkr\u00e4fte-Nachwuchs. Auch in diesem Jahr hei\u00dfen wir 2 neue Tischler-Azubis willkommen. Wir freuen uns auf eine gute und erfolgreiche\u00a0Zusammenarbeit mit unseren neuen Auszubildenden\u00a0Jens Jakob und Martin Gundermann. Zu Ihrem\u00a035-j\u00e4hrigen Firmenjubil\u00e4um gratulieren wir\u00a0unserer Mitarbeiterin Frau\u00a0Grave sehr herzlich.<\/p>\n","protected":false},"author":2,"featured_media":0,"comment_status":"closed","ping_status":"closed","sticky":false,"template":"","format":"standard","meta":[],"categories":[1],"tags":[],"_links":{"self":[{"href":"https:\/\/www.figgen-fenster.de\/aktuelles\/index.php?rest_route=\/wp\/v2\/posts\/450"}],"collection":[{"href":"https:\/\/www.figgen-fenster.de\/aktuelles\/index.php?rest_route=\/wp\/v2\/posts"}],"about":[{"href":"https:\/\/www.figgen-fenster.de\/aktuelles\/index.php?rest_route=\/wp\/v2\/types\/post"}],"author":[{"embeddable":true,"href":"https:\/\/www.figgen-fenster.de\/aktuelles\/index.php?rest_route=\/wp\/v2\/users\/2"}],"replies":[{"embeddable":true,"href":"https:\/\/www.figgen-fenster.de\/aktuelles\/index.php?rest_route=%2Fwp%2Fv2%2Fcomments&post=450"}],"version-history":[{"count":11,"href":"https:\/\/www.figgen-fenster.de\/aktuelles\/index.php?rest_route=\/wp\/v2\/posts\/450\/revisions"}],"predecessor-version":[{"id":488,"href":"https:\/\/www.figgen-fenster.de\/aktuelles\/index.php?rest_route=\/wp\/v2\/posts\/450\/revisions\/488"}],"wp:attachment":[{"href":"https:\/\/www.figgen-fenster.de\/aktuelles\/index.php?rest_route=%2Fwp%2Fv2%2Fmedia&parent=450"}],"wp:term":[{"taxonomy":"category","embeddable":true,"href":"https:\/\/www.figgen-fenster.de\/aktuelles\/index.php?rest_route=%2Fwp%2Fv2%2Fcategories&post=450"},{"taxonomy":"post_tag","embeddable":true,"href":"https:\/\/www.figgen-fenster.de\/aktuelles\/index.php?rest_route=%2Fwp%2Fv2%2Ftags&post=450"}],"curies":[{"name":"wp","href":"https:\/\/api.w.org\/{rel}","templated":true}]}}