{"id":655,"date":"2013-08-14T12:20:56","date_gmt":"2013-08-14T12:20:56","guid":{"rendered":"http:\/\/www.figgen-fenster.de\/aktuelles\/?p=655"},"modified":"2013-08-14T12:20:56","modified_gmt":"2013-08-14T12:20:56","slug":"am-1-8-2013-hat-das-neue-ausbildungsjahr-begonnen","status":"publish","type":"post","link":"https:\/\/www.figgen-fenster.de\/aktuelles\/?p=655","title":{"rendered":"Am 1.8.2013 hat das neue Ausbildungsjahr begonnen"},"content":{"rendered":"<p>Wir sorgen seit nunmehr \u00fcber 6-Jahrzehnten\u00a0f\u00fcr unseren eigenen Fachkr\u00e4fte-Nachwuchs.<br \/>\nAuch in diesem Jahr hei\u00dfen wir 2 neue Tischler-Azubis willkommen.<\/p>\n<p>Wir freuen uns auf eine gute und erfolgreiche\u00a0Zusammenarbeit mit unseren neuen Auszubildenden Alexander Matzmor und Robin Scholten.<\/p>\n","protected":false},"excerpt":{"rendered":"<p>Wir sorgen seit nunmehr \u00fcber 6-Jahrzehnten\u00a0f\u00fcr unseren eigenen Fachkr\u00e4fte-Nachwuchs. Auch in diesem Jahr hei\u00dfen wir 2 neue Tischler-Azubis willkommen. Wir freuen uns auf eine gute und erfolgreiche\u00a0Zusammenarbeit mit unseren neuen Auszubildenden Alexander Matzmor und Robin Scholten.<\/p>\n","protected":false},"author":2,"featured_media":0,"comment_status":"closed","ping_status":"closed","sticky":false,"template":"","format":"standard","meta":[],"categories":[1],"tags":[],"_links":{"self":[{"href":"https:\/\/www.figgen-fenster.de\/aktuelles\/index.php?rest_route=\/wp\/v2\/posts\/655"}],"collection":[{"href":"https:\/\/www.figgen-fenster.de\/aktuelles\/index.php?rest_route=\/wp\/v2\/posts"}],"about":[{"href":"https:\/\/www.figgen-fenster.de\/aktuelles\/index.php?rest_route=\/wp\/v2\/types\/post"}],"author":[{"embeddable":true,"href":"https:\/\/www.figgen-fenster.de\/aktuelles\/index.php?rest_route=\/wp\/v2\/users\/2"}],"replies":[{"embeddable":true,"href":"https:\/\/www.figgen-fenster.de\/aktuelles\/index.php?rest_route=%2Fwp%2Fv2%2Fcomments&post=655"}],"version-history":[{"count":3,"href":"https:\/\/www.figgen-fenster.de\/aktuelles\/index.php?rest_route=\/wp\/v2\/posts\/655\/revisions"}],"predecessor-version":[{"id":658,"href":"https:\/\/www.figgen-fenster.de\/aktuelles\/index.php?rest_route=\/wp\/v2\/posts\/655\/revisions\/658"}],"wp:attachment":[{"href":"https:\/\/www.figgen-fenster.de\/aktuelles\/index.php?rest_route=%2Fwp%2Fv2%2Fmedia&parent=655"}],"wp:term":[{"taxonomy":"category","embeddable":true,"href":"https:\/\/www.figgen-fenster.de\/aktuelles\/index.php?rest_route=%2Fwp%2Fv2%2Fcategories&post=655"},{"taxonomy":"post_tag","embeddable":true,"href":"https:\/\/www.figgen-fenster.de\/aktuelles\/index.php?rest_route=%2Fwp%2Fv2%2Ftags&post=655"}],"curies":[{"name":"wp","href":"https:\/\/api.w.org\/{rel}","templated":true}]}}