{"id":964,"date":"2014-09-30T12:18:16","date_gmt":"2014-09-30T12:18:16","guid":{"rendered":"http:\/\/www.figgen-fenster.de\/aktuelles\/?p=964"},"modified":"2014-09-30T12:18:16","modified_gmt":"2014-09-30T12:18:16","slug":"fenster-mit-guter-warmedammung","status":"publish","type":"post","link":"https:\/\/www.figgen-fenster.de\/aktuelles\/?p=964","title":{"rendered":"Fenster mit guter W\u00e4rmed\u00e4mmung"},"content":{"rendered":"<p><a href='http:\/\/www.figgen-fenster.de\/aktuelles\/wp-content\/uploads\/2014\/09\/20140930-W\u00e4rmed\u00e4mmung3.pdf'>20140930 W\u00e4rmed\u00e4mmung<\/a><\/p>\n","protected":false},"excerpt":{"rendered":"<p>20140930 W\u00e4rmed\u00e4mmung<\/p>\n","protected":false},"author":2,"featured_media":0,"comment_status":"closed","ping_status":"closed","sticky":false,"template":"","format":"standard","meta":[],"categories":[1],"tags":[],"_links":{"self":[{"href":"https:\/\/www.figgen-fenster.de\/aktuelles\/index.php?rest_route=\/wp\/v2\/posts\/964"}],"collection":[{"href":"https:\/\/www.figgen-fenster.de\/aktuelles\/index.php?rest_route=\/wp\/v2\/posts"}],"about":[{"href":"https:\/\/www.figgen-fenster.de\/aktuelles\/index.php?rest_route=\/wp\/v2\/types\/post"}],"author":[{"embeddable":true,"href":"https:\/\/www.figgen-fenster.de\/aktuelles\/index.php?rest_route=\/wp\/v2\/users\/2"}],"replies":[{"embeddable":true,"href":"https:\/\/www.figgen-fenster.de\/aktuelles\/index.php?rest_route=%2Fwp%2Fv2%2Fcomments&post=964"}],"version-history":[{"count":2,"href":"https:\/\/www.figgen-fenster.de\/aktuelles\/index.php?rest_route=\/wp\/v2\/posts\/964\/revisions"}],"predecessor-version":[{"id":971,"href":"https:\/\/www.figgen-fenster.de\/aktuelles\/index.php?rest_route=\/wp\/v2\/posts\/964\/revisions\/971"}],"wp:attachment":[{"href":"https:\/\/www.figgen-fenster.de\/aktuelles\/index.php?rest_route=%2Fwp%2Fv2%2Fmedia&parent=964"}],"wp:term":[{"taxonomy":"category","embeddable":true,"href":"https:\/\/www.figgen-fenster.de\/aktuelles\/index.php?rest_route=%2Fwp%2Fv2%2Fcategories&post=964"},{"taxonomy":"post_tag","embeddable":true,"href":"https:\/\/www.figgen-fenster.de\/aktuelles\/index.php?rest_route=%2Fwp%2Fv2%2Ftags&post=964"}],"curies":[{"name":"wp","href":"https:\/\/api.w.org\/{rel}","templated":true}]}}